{"id":3361,"date":"2024-05-04T12:13:21","date_gmt":"2024-05-04T15:13:21","guid":{"rendered":"https:\/\/sintracoopmn.com.br\/?p=3361"},"modified":"2024-05-04T12:13:21","modified_gmt":"2024-05-04T15:13:21","slug":"assembleia-da-unimed-patos-pb","status":"publish","type":"post","link":"https:\/\/sintracoopmn.com.br\/?p=3361","title":{"rendered":"Assembleia da Unimed Patos (PB)"},"content":{"rendered":"<p style=\"text-align: center;\"><img loading=\"lazy\" decoding=\"async\" class=\"alignnone size-medium wp-image-3354\" src=\"http:\/\/sintracoopmn.com.br\/wp-content\/uploads\/2024\/05\/1000067937-300x152.jpg\" alt=\"\" width=\"300\" height=\"152\" srcset=\"https:\/\/sintracoopmn.com.br\/wp-content\/uploads\/2024\/05\/1000067937-300x152.jpg 300w, https:\/\/sintracoopmn.com.br\/wp-content\/uploads\/2024\/05\/1000067937.jpg 606w\" sizes=\"(max-width: 300px) 100vw, 300px\" \/><\/p>\n<p><span data-contrast=\"auto\">O Sintracoop MN representou os funcion\u00e1rios da Unimed, em assembleia realizada no dia 13 de mar\u00e7o de 2024, na cidade de Patos, Para\u00edba.<\/span><span data-ccp-props=\"{&quot;201341983&quot;:0,&quot;335559739&quot;:160,&quot;335559740&quot;:259}\">\u00a0<\/span><\/p>\n<p><span data-contrast=\"auto\">Mais uma vez representamos e mediamos as negocia\u00e7\u00f5es, desempenhando um papel crucial para facilitar a aprova\u00e7\u00e3o de acordo coletivo de trabalho sem preju\u00edzos ou perda de direitos garantidos pelos trabalhadores.\u00a0<\/span><span data-ccp-props=\"{&quot;201341983&quot;:0,&quot;335559739&quot;:160,&quot;335559740&quot;:259}\">\u00a0<\/span><\/p>\n<p><span data-contrast=\"auto\">Este acordo \u00e9 mais um passo em nossa miss\u00e3o de promover melhores condi\u00e7\u00f5es de trabalho e garantir os direitos dos trabalhadores. Ele representa o sucesso da nossa estrat\u00e9gia de uni\u00e3o e negocia\u00e7\u00e3o coletiva, garantindo benef\u00edcios para todos os envolvidos.<\/span><span data-ccp-props=\"{&quot;201341983&quot;:0,&quot;335559739&quot;:160,&quot;335559740&quot;:259}\">\u00a0<\/span><\/p>\n","protected":false},"excerpt":{"rendered":"<p>O Sintracoop MN representou os funcion\u00e1rios da Unimed, em assembleia realizada no dia 13 de<\/p>\n","protected":false},"author":1,"featured_media":3354,"comment_status":"open","ping_status":"open","sticky":false,"template":"","format":"standard","meta":{"_monsterinsights_skip_tracking":false,"_monsterinsights_sitenote_active":false,"_monsterinsights_sitenote_note":"","_monsterinsights_sitenote_category":0,"_uf_show_specific_survey":0,"_uf_disable_surveys":false,"footnotes":""},"categories":[6,5],"tags":[],"aioseo_notices":[],"_links":{"self":[{"href":"https:\/\/sintracoopmn.com.br\/index.php?rest_route=\/wp\/v2\/posts\/3361"}],"collection":[{"href":"https:\/\/sintracoopmn.com.br\/index.php?rest_route=\/wp\/v2\/posts"}],"about":[{"href":"https:\/\/sintracoopmn.com.br\/index.php?rest_route=\/wp\/v2\/types\/post"}],"author":[{"embeddable":true,"href":"https:\/\/sintracoopmn.com.br\/index.php?rest_route=\/wp\/v2\/users\/1"}],"replies":[{"embeddable":true,"href":"https:\/\/sintracoopmn.com.br\/index.php?rest_route=%2Fwp%2Fv2%2Fcomments&post=3361"}],"version-history":[{"count":1,"href":"https:\/\/sintracoopmn.com.br\/index.php?rest_route=\/wp\/v2\/posts\/3361\/revisions"}],"predecessor-version":[{"id":3362,"href":"https:\/\/sintracoopmn.com.br\/index.php?rest_route=\/wp\/v2\/posts\/3361\/revisions\/3362"}],"wp:featuredmedia":[{"embeddable":true,"href":"https:\/\/sintracoopmn.com.br\/index.php?rest_route=\/wp\/v2\/media\/3354"}],"wp:attachment":[{"href":"https:\/\/sintracoopmn.com.br\/index.php?rest_route=%2Fwp%2Fv2%2Fmedia&parent=3361"}],"wp:term":[{"taxonomy":"category","embeddable":true,"href":"https:\/\/sintracoopmn.com.br\/index.php?rest_route=%2Fwp%2Fv2%2Fcategories&post=3361"},{"taxonomy":"post_tag","embeddable":true,"href":"https:\/\/sintracoopmn.com.br\/index.php?rest_route=%2Fwp%2Fv2%2Ftags&post=3361"}],"curies":[{"name":"wp","href":"https:\/\/api.w.org\/{rel}","templated":true}]}}